{"id":1519,"date":"2023-04-03T15:55:32","date_gmt":"2023-04-03T15:55:32","guid":{"rendered":"https:\/\/www.dvaci.com\/?p=1519"},"modified":"2024-01-07T15:27:32","modified_gmt":"2024-01-07T15:27:32","slug":"interpack-from-04-to-10-may-2023-visitor-dusseldorf-germany","status":"publish","type":"post","link":"https:\/\/www.dvaci.com\/pt\/interpack-from-04-to-10-may-2023-visitor-dusseldorf-germany\/","title":{"rendered":"Interpack de 04 a 10 de maio de 2023 | Visitante | D\u00fcsseldorf &#8211; Alemanha"},"content":{"rendered":"<p><div class=\"fusion-fullwidth fullwidth-box fusion-builder-row-1 nonhundred-percent-fullwidth non-hundred-percent-height-scrolling\" style=\"--awb-border-radius-top-left:0px;--awb-border-radius-top-right:0px;--awb-border-radius-bottom-right:0px;--awb-border-radius-bottom-left:0px;--awb-flex-wrap:wrap;\" ><div class=\"fusion-builder-row fusion-row\"><div class=\"fusion-layout-column fusion_builder_column fusion-builder-column-0 fusion_builder_column_2_5 2_5 fusion-two-fifth fusion-column-first\" style=\"--awb-bg-size:cover;width:40%;width:calc(40% - ( ( 4% ) * 0.4 ) );margin-right: 4%;\"><div class=\"fusion-column-wrapper fusion-column-has-shadow fusion-flex-column-wrapper-legacy\"><div class=\"fusion-title title fusion-title-1 fusion-sep-none fusion-title-text fusion-title-size-two\" style=\"--awb-text-color:#005d8c;--awb-font-size:50px;\"><h2 class=\"fusion-title-heading title-heading-left\" style=\"font-family:&quot;Oswald&quot;;font-style:normal;font-weight:700;margin:0;font-size:1em;\">Junte-se a n\u00f3s na Interpack &#8211; Explorando as \u00faltimas inova\u00e7\u00f5es em embalagens<\/h2><\/div><div class=\"fusion-clearfix\"><\/div><\/div><\/div><div class=\"fusion-layout-column fusion_builder_column fusion-builder-column-1 fusion_builder_column_3_5 3_5 fusion-three-fifth fusion-column-last\" style=\"--awb-bg-size:cover;width:60%;width:calc(60% - ( ( 4% ) * 0.6 ) );\"><div class=\"fusion-column-wrapper fusion-column-has-shadow fusion-flex-column-wrapper-legacy\"><div class=\"fusion-text fusion-text-1\"><p><img decoding=\"async\" class=\"alignright size-large wp-image-1521\" src=\"https:\/\/www.dvaci.com\/pt\/wp-content\/uploads\/interpack-2023-dvaci-2-1024x538.jpg\" alt=\"\" width=\"1024\" height=\"538\" srcset=\"https:\/\/www.dvaci.com\/pt\/wp-content\/uploads\/interpack-2023-dvaci-2-200x105.jpg 200w, https:\/\/www.dvaci.com\/pt\/wp-content\/uploads\/interpack-2023-dvaci-2-300x158.jpg 300w, https:\/\/www.dvaci.com\/pt\/wp-content\/uploads\/interpack-2023-dvaci-2-400x210.jpg 400w, https:\/\/www.dvaci.com\/pt\/wp-content\/uploads\/interpack-2023-dvaci-2-600x315.jpg 600w, https:\/\/www.dvaci.com\/pt\/wp-content\/uploads\/interpack-2023-dvaci-2-800x420.jpg 800w, https:\/\/www.dvaci.com\/pt\/wp-content\/uploads\/interpack-2023-dvaci-2-1024x538.jpg 1024w, https:\/\/www.dvaci.com\/pt\/wp-content\/uploads\/interpack-2023-dvaci-2-1200x630.jpg 1200w, https:\/\/www.dvaci.com\/pt\/wp-content\/uploads\/interpack-2023-dvaci-2-1536x807.jpg 1536w\" sizes=\"(max-width: 1024px) 100vw, 1024px\" \/><\/p>\n<\/div><div class=\"fusion-clearfix\"><\/div><\/div><\/div><\/div><\/div><div class=\"fusion-fullwidth fullwidth-box fusion-builder-row-2 nonhundred-percent-fullwidth non-hundred-percent-height-scrolling\" style=\"--awb-border-radius-top-left:0px;--awb-border-radius-top-right:0px;--awb-border-radius-bottom-right:0px;--awb-border-radius-bottom-left:0px;--awb-flex-wrap:wrap;\" ><div class=\"fusion-builder-row fusion-row\"><div class=\"fusion-layout-column fusion_builder_column fusion-builder-column-2 fusion_builder_column_1_1 1_1 fusion-one-full fusion-column-first fusion-column-last\" style=\"--awb-bg-size:cover;\"><div class=\"fusion-column-wrapper fusion-column-has-shadow fusion-flex-column-wrapper-legacy\"><div class=\"fusion-title title fusion-title-2 fusion-sep-none fusion-title-center fusion-title-text fusion-title-size-two\" style=\"--awb-text-color:#003654;--awb-font-size:60px;\"><h2 class=\"fusion-title-heading title-heading-center\" style=\"font-family:&quot;Oswald&quot;;font-style:normal;font-weight:700;margin:0;font-size:1em;\"><strong>Introdu\u00e7\u00e3o<\/strong><\/h2><\/div><div class=\"fusion-title title fusion-title-3 fusion-sep-none fusion-title-text fusion-title-size-three\" style=\"--awb-font-size:30px;\"><h3 class=\"fusion-title-heading title-heading-left\" style=\"font-family:&quot;Open Sans&quot;;font-style:normal;font-weight:400;margin:0;font-size:1em;\">\u00c9 com satisfa\u00e7\u00e3o que anunciamos a participa\u00e7\u00e3o da nossa equipe na renomada feira Interpack, o principal evento mundial para o setor de embalagens e ind\u00fastrias relacionadas. De 04 a 10 de maio de 2023, esta \u00e9 uma oportunidade \u00edmpar para networking, explorar tend\u00eancias e discutir solu\u00e7\u00f5es inovadoras na ind\u00fastria da embalagem.<\/h3><\/div><div class=\"fusion-clearfix\"><\/div><\/div><\/div><\/div><\/div><div class=\"fusion-fullwidth fullwidth-box fusion-builder-row-3 nonhundred-percent-fullwidth non-hundred-percent-height-scrolling\" style=\"--awb-border-radius-top-left:0px;--awb-border-radius-top-right:0px;--awb-border-radius-bottom-right:0px;--awb-border-radius-bottom-left:0px;--awb-padding-right:30px;--awb-padding-left:30px;--awb-background-color:rgba(173,109,109,0.76);--awb-background-image:linear-gradient(0deg, #015b8c 20%,#003654 80%);--awb-flex-wrap:wrap;\" ><div class=\"fusion-builder-row fusion-row\"><div class=\"fusion-layout-column fusion_builder_column fusion-builder-column-3 fusion_builder_column_1_1 1_1 fusion-one-full fusion-column-first fusion-column-last\" style=\"--awb-bg-size:cover;\"><div class=\"fusion-column-wrapper fusion-column-has-shadow fusion-flex-column-wrapper-legacy\"><div class=\"fusion-title title fusion-title-4 fusion-sep-none fusion-title-center fusion-title-text fusion-title-size-two\" style=\"--awb-text-color:#eaeaea;--awb-font-size:60px;\"><h2 class=\"fusion-title-heading title-heading-center\" style=\"font-family:&quot;Oswald&quot;;font-style:normal;font-weight:700;margin:0;font-size:1em;\">Um Encontro Global para Profissionais da Embalagem<\/h2><\/div><div class=\"fusion-title title fusion-title-5 fusion-sep-none fusion-title-text fusion-title-size-three\" style=\"--awb-text-color:#f2f2f2;--awb-font-size:30px;\"><h3 class=\"fusion-title-heading title-heading-left\" style=\"font-family:&quot;Open Sans&quot;;font-style:normal;font-weight:400;margin:0;font-size:1em;\">A Interpack tem uma hist\u00f3ria rica de reunir as mentes mais brilhantes e as empresas mais inovadoras do setor de embalagens. Em 2017, contou com 2.865 empresas participantes, sendo 74% dos 170.899 visitantes provenientes de fora da Alemanha. Tr\u00eas quartos desses participantes eram tomadores de decis\u00e3o, tornando a Interpack uma oportunidade excepcional para conectar-se com l\u00edderes do setor e expandir nossa rede.<\/h3><\/div><div class=\"fusion-clearfix\"><\/div><\/div><\/div><\/div><\/div><div class=\"fusion-fullwidth fullwidth-box fusion-builder-row-4 nonhundred-percent-fullwidth non-hundred-percent-height-scrolling\" style=\"--awb-border-radius-top-left:0px;--awb-border-radius-top-right:0px;--awb-border-radius-bottom-right:0px;--awb-border-radius-bottom-left:0px;--awb-padding-right:30px;--awb-padding-left:30px;--awb-background-image:linear-gradient(0deg, #e0e0e0 20%,rgba(255,255,255,0) 80%);--awb-flex-wrap:wrap;\" ><div class=\"fusion-builder-row fusion-row\"><div class=\"fusion-layout-column fusion_builder_column fusion-builder-column-4 fusion_builder_column_1_1 1_1 fusion-one-full fusion-column-first fusion-column-last\" style=\"--awb-bg-size:cover;\"><div class=\"fusion-column-wrapper fusion-column-has-shadow fusion-flex-column-wrapper-legacy\"><div class=\"fusion-title title fusion-title-6 fusion-sep-none fusion-title-center fusion-title-text fusion-title-size-two\" style=\"--awb-font-size:60px;\"><h2 class=\"fusion-title-heading title-heading-center\" style=\"font-family:&quot;Oswald&quot;;font-style:normal;font-weight:700;margin:0;font-size:1em;\">Nosso papel na Interpack<\/h2><\/div><div class=\"fusion-title title fusion-title-7 fusion-sep-none fusion-title-text fusion-title-size-three\" style=\"--awb-font-size:30px;\"><h3 class=\"fusion-title-heading title-heading-left\" style=\"font-family:&quot;Open Sans&quot;;font-style:normal;font-weight:400;margin:0;font-size:1em;\"><p>Embora n\u00e3o participemos como expositores este ano, nossa equipe estar\u00e1 presente na Interpack como visitante, ansiosa para interagir com clientes, discutir projetos em andamento e explorar poss\u00edveis colabora\u00e7\u00f5es. Estamos especialmente interessados em receber amostras para testes em nosso laborat\u00f3rio e desenvolver solu\u00e7\u00f5es personalizadas para suas necessidades de embalagem.<\/p>\n<p>Aproveite as oportunidades de colabora\u00e7\u00e3o:<\/p>\n<p>A Interpack nos proporciona uma incr\u00edvel chance de aprender sobre os \u00faltimos avan\u00e7os na ind\u00fastria de embalagens, ao mesmo tempo em que nos conectamos com clientes atuais e potenciais. Nossa equipe est\u00e1 pronta para discutir seus desafios de embalagem exclusivos, trocar ideias e explorar como nossa experi\u00eancia pode ajud\u00e1-lo a alcan\u00e7ar seus objetivos.<\/p><\/h3><\/div><div class=\"fusion-clearfix\"><\/div><\/div><\/div><\/div><\/div><div class=\"fusion-fullwidth fullwidth-box fusion-builder-row-5 fusion-parallax-none nonhundred-percent-fullwidth non-hundred-percent-height-scrolling\" style=\"--awb-border-radius-top-left:0px;--awb-border-radius-top-right:0px;--awb-border-radius-bottom-right:0px;--awb-border-radius-bottom-left:0px;--awb-background-image:url(&quot;https:\/\/www.dvaci.com\/pt\/wp-content\/uploads\/modern-laboratory-dvaci-leak-tester-2-1024x437.png&quot;);--awb-background-size:cover;--awb-flex-wrap:wrap;\" ><div class=\"fusion-builder-row fusion-row\"><div class=\"fusion-layout-column fusion_builder_column fusion-builder-column-5 fusion_builder_column_1_3 1_3 fusion-one-third fusion-column-first\" style=\"--awb-bg-size:cover;width:33.333333333333%;width:calc(33.333333333333% - ( ( 4% ) * 0.33333333333333 ) );margin-right: 4%;\"><div class=\"fusion-column-wrapper fusion-column-has-shadow fusion-flex-column-wrapper-legacy\"><div class=\"fusion-clearfix\"><\/div><\/div><\/div><div class=\"fusion-layout-column fusion_builder_column fusion-builder-column-6 fusion_builder_column_1_3 1_3 fusion-one-third fusion-column-last\" style=\"--awb-bg-size:cover;width:33.333333333333%;width:calc(33.333333333333% - ( ( 4% ) * 0.33333333333333 ) );\"><div class=\"fusion-column-wrapper fusion-column-has-shadow fusion-flex-column-wrapper-legacy\"><div class=\"fusion-text fusion-text-2\"><p><img decoding=\"async\" class=\"size-full wp-image-1477 aligncenter\" src=\"https:\/\/www.dvaci.com\/pt\/wp-content\/uploads\/CDV4-PVHI-Vacuum-Chamber-for-packaging-leak-testing-Recortado-rdo.png\" alt=\"Vacuum Chamber CDV 4 for packaging integrity seal control and container leak testing PNG\" width=\"800\" height=\"735\" srcset=\"https:\/\/www.dvaci.com\/pt\/wp-content\/uploads\/CDV4-PVHI-Vacuum-Chamber-for-packaging-leak-testing-Recortado-rdo-200x184.png 200w, https:\/\/www.dvaci.com\/pt\/wp-content\/uploads\/CDV4-PVHI-Vacuum-Chamber-for-packaging-leak-testing-Recortado-rdo-300x276.png 300w, https:\/\/www.dvaci.com\/pt\/wp-content\/uploads\/CDV4-PVHI-Vacuum-Chamber-for-packaging-leak-testing-Recortado-rdo-400x368.png 400w, https:\/\/www.dvaci.com\/pt\/wp-content\/uploads\/CDV4-PVHI-Vacuum-Chamber-for-packaging-leak-testing-Recortado-rdo-600x551.png 600w, https:\/\/www.dvaci.com\/pt\/wp-content\/uploads\/CDV4-PVHI-Vacuum-Chamber-for-packaging-leak-testing-Recortado-rdo.png 800w\" sizes=\"(max-width: 800px) 100vw, 800px\" \/><\/p>\n<\/div><div class=\"fusion-aligncenter\"><a class=\"fusion-button button-flat button-xlarge button-custom fusion-button-default button-1 fusion-button-default-span fusion-has-button-gradient\" style=\"--button_accent_color:#fcfcfc;--button_accent_hover_color:#f4f3eb;--button_border_hover_color:#105378;--button_border_width-top:0;--button_border_width-right:0;--button_border_width-bottom:0;--button_border_width-left:0;--button-border-radius-top-left:28px;--button-border-radius-top-right:28px;--button-border-radius-bottom-right:28px;--button-border-radius-bottom-left:28px;--button_gradient_top_color:#004e72;--button_gradient_bottom_color:#206d8c;--button_gradient_top_color_hover:#0078ba;--button_gradient_bottom_color_hover:#0078ba;--button_text_transform:none;\" target=\"_self\" href=\"https:\/\/www.dvaci.com\/pt\/product-lines-vacuum-decay-cdv-for-packaging-leak-testing\/\"><span class=\"fusion-button-text awb-button__text awb-button__text--default\">Explore CDV Product Line<\/span><\/a><\/div><div class=\"fusion-clearfix\"><\/div><\/div><\/div><\/div><\/div><div class=\"fusion-fullwidth fullwidth-box fusion-builder-row-6 nonhundred-percent-fullwidth non-hundred-percent-height-scrolling\" style=\"--awb-border-radius-top-left:0px;--awb-border-radius-top-right:0px;--awb-border-radius-bottom-right:0px;--awb-border-radius-bottom-left:0px;--awb-padding-right:30px;--awb-padding-left:30px;--awb-flex-wrap:wrap;\" ><div class=\"fusion-builder-row fusion-row\"><div class=\"fusion-layout-column fusion_builder_column fusion-builder-column-7 fusion_builder_column_1_1 1_1 fusion-one-full fusion-column-first fusion-column-last\" style=\"--awb-bg-size:cover;\"><div class=\"fusion-column-wrapper fusion-column-has-shadow fusion-flex-column-wrapper-legacy\"><div class=\"fusion-title title fusion-title-8 fusion-sep-none fusion-title-center fusion-title-text fusion-title-size-two\" style=\"--awb-font-size:60px;\"><h2 class=\"fusion-title-heading title-heading-center\" style=\"font-family:&quot;Oswald&quot;;font-style:normal;font-weight:700;margin:0;font-size:1em;\">Conclus\u00e3o :<\/h2><\/div><div class=\"fusion-clearfix\"><\/div><\/div><\/div><div class=\"fusion-layout-column fusion_builder_column fusion-builder-column-8 fusion_builder_column_1_1 1_1 fusion-one-full fusion-column-first fusion-column-last\" style=\"--awb-bg-size:cover;\"><div class=\"fusion-column-wrapper fusion-column-has-shadow fusion-flex-column-wrapper-legacy\"><div class=\"fusion-title title fusion-title-9 fusion-sep-none fusion-title-text fusion-title-size-three\" style=\"--awb-font-size:30px;\"><h3 class=\"fusion-title-heading title-heading-left\" style=\"font-family:&quot;Open Sans&quot;;font-style:normal;font-weight:400;margin:0;font-size:1em;\">N\u00e3o perca a oportunidade de nos encontrar na Interpack, onde exploraremos o futuro da ind\u00fastria de embalagens e descobriremos novas possibilidades de colabora\u00e7\u00e3o. Se desejar agendar uma reuni\u00e3o com nossa equipe durante o evento, n\u00e3o hesite em entrar em contato preenchendo o nosso formul\u00e1rio de contato. Mal podemos esperar para v\u00ea-lo l\u00e1 e come\u00e7ar a trabalhar juntos no seu pr\u00f3ximo<strong> projeto de teste de vazamento de embalagens<\/strong>!<\/h3><\/div><div class=\"fusion-clearfix\"><\/div><\/div><\/div><\/div><\/div><div class=\"fusion-fullwidth fullwidth-box fusion-builder-row-7 nonhundred-percent-fullwidth non-hundred-percent-height-scrolling\" style=\"--awb-border-radius-top-left:0px;--awb-border-radius-top-right:0px;--awb-border-radius-bottom-right:0px;--awb-border-radius-bottom-left:0px;--awb-padding-right:30px;--awb-padding-left:30px;--awb-background-color:rgba(173,109,109,0.76);--awb-background-image:linear-gradient(0deg, #015b8c 20%,#003654 80%);--awb-flex-wrap:wrap;\" ><div class=\"fusion-builder-row fusion-row\"><div class=\"fusion-layout-column fusion_builder_column fusion-builder-column-9 fusion_builder_column_1_1 1_1 fusion-one-full fusion-column-first fusion-column-last\" style=\"--awb-bg-size:cover;\"><div class=\"fusion-column-wrapper fusion-column-has-shadow fusion-flex-column-wrapper-legacy\"><div class=\"fusion-title title fusion-title-10 fusion-sep-none fusion-title-center fusion-title-text fusion-title-size-two\" style=\"--awb-text-color:#eaeaea;--awb-font-size:60px;\"><h2 class=\"fusion-title-heading title-heading-center\" style=\"font-family:&quot;Oswald&quot;;font-style:normal;font-weight:700;margin:0;font-size:1em;\">Encontre-nos na Interpack, D\u00fcsseldorf 2023!<\/h2><\/div><div class=\"fusion-text fusion-text-3\"><p><a href=\"https:\/\/www.dvaci.com\/pt\/contacto\/\"><img decoding=\"async\" class=\"aligncenter size-medium wp-image-913\" src=\"https:\/\/www.dvaci.com\/pt\/wp-content\/uploads\/contact-form-298x300.png\" alt=\"contact form dvaci\" width=\"298\" height=\"300\" srcset=\"https:\/\/www.dvaci.com\/pt\/wp-content\/uploads\/contact-form-66x66.png 66w, https:\/\/www.dvaci.com\/pt\/wp-content\/uploads\/contact-form-150x150.png 150w, https:\/\/www.dvaci.com\/pt\/wp-content\/uploads\/contact-form-200x201.png 200w, https:\/\/www.dvaci.com\/pt\/wp-content\/uploads\/contact-form-298x300.png 298w, https:\/\/www.dvaci.com\/pt\/wp-content\/uploads\/contact-form.png 335w\" sizes=\"(max-width: 298px) 100vw, 298px\" \/><\/a><\/p>\n<\/div><div class=\"fusion-clearfix\"><\/div><\/div><\/div><\/div><\/div><\/p>\n","protected":false},"excerpt":{"rendered":"","protected":false},"author":1,"featured_media":1520,"comment_status":"closed","ping_status":"closed","sticky":false,"template":"","format":"standard","meta":{"inline_featured_image":false,"footnotes":""},"categories":[8],"tags":[324,318,285,322,315,320,319,332,326,325,329,328,317,323,302,316,331,321,333,314,111,41,121],"class_list":["post-1519","post","type-post","status-publish","format-standard","has-post-thumbnail","hentry","category-news","tag-controlequalidade","tag-detectorvazamentosembalagem","tag-equipamentotestebolhas","tag-expoembalagens","tag-expopack","tag-feiracomercial","tag-feiranegocios","tag-feiratecnologica","tag-industriaembalagens","tag-inovacaoembalagens","tag-solucoesembalagens","tag-tecnologiaembalagens","tag-testadorvazamentos","tag-testeembalagens","tag-testeintegridadeselagem","tag-testeintegridadeselagemembalagensalimenticias","tag-testesegurancaembalagens","tag-testevacuoembalagens","tag-vazamentosembalagens","tag-astmd3078","tag-cdv","tag-dvaci","tag-interpack"],"aioseo_notices":[],"_links":{"self":[{"href":"https:\/\/www.dvaci.com\/pt\/wp-json\/wp\/v2\/posts\/1519","targetHints":{"allow":["GET"]}}],"collection":[{"href":"https:\/\/www.dvaci.com\/pt\/wp-json\/wp\/v2\/posts"}],"about":[{"href":"https:\/\/www.dvaci.com\/pt\/wp-json\/wp\/v2\/types\/post"}],"author":[{"embeddable":true,"href":"https:\/\/www.dvaci.com\/pt\/wp-json\/wp\/v2\/users\/1"}],"replies":[{"embeddable":true,"href":"https:\/\/www.dvaci.com\/pt\/wp-json\/wp\/v2\/comments?post=1519"}],"version-history":[{"count":11,"href":"https:\/\/www.dvaci.com\/pt\/wp-json\/wp\/v2\/posts\/1519\/revisions"}],"predecessor-version":[{"id":1814,"href":"https:\/\/www.dvaci.com\/pt\/wp-json\/wp\/v2\/posts\/1519\/revisions\/1814"}],"wp:featuredmedia":[{"embeddable":true,"href":"https:\/\/www.dvaci.com\/pt\/wp-json\/wp\/v2\/media\/1520"}],"wp:attachment":[{"href":"https:\/\/www.dvaci.com\/pt\/wp-json\/wp\/v2\/media?parent=1519"}],"wp:term":[{"taxonomy":"category","embeddable":true,"href":"https:\/\/www.dvaci.com\/pt\/wp-json\/wp\/v2\/categories?post=1519"},{"taxonomy":"post_tag","embeddable":true,"href":"https:\/\/www.dvaci.com\/pt\/wp-json\/wp\/v2\/tags?post=1519"}],"curies":[{"name":"wp","href":"https:\/\/api.w.org\/{rel}","templated":true}]}}